{"id":37570,"date":"2015-12-22T14:40:18","date_gmt":"2015-12-22T14:40:18","guid":{"rendered":"https:\/\/sites.austincc.edu\/newsroom\/?p=37570"},"modified":"2015-12-22T14:40:18","modified_gmt":"2015-12-22T14:40:18","slug":"acc-lleva-a-cabo-feria-de-matriculacion-de-ultimo-momento","status":"publish","type":"post","link":"https:\/\/sites.austincc.edu\/newsroom\/2015\/12\/22\/acc-lleva-a-cabo-feria-de-matriculacion-de-ultimo-momento\/","title":{"rendered":"ACC lleva a cabo feria de matriculaci\u00f3n de \u00faltimo momento"},"content":{"rendered":"<p><strong><em>Los alumnos que necesitan tomar clases en la primavera pueden registrarse en Destination: ACCSaturday<\/em><\/strong><\/p>\n<p>El Distrito de Austin Community College (ACC) abrir\u00e1 tres planteles de 9 a.m.- 4 p.m. el s\u00e1bado, 9 de enero para los estudiantes que quieren ir a la universidad esta primavera, pero todav\u00eda tienen que inscribirse para las clases.<\/p>\n<p>Destination: ACC S\u00e1bado, ser\u00e1 organizado en ACC Highland, Cypress Creek, y Riverside Campus, con el objetivo de ayudar a los estudiantes a registrarse para las clases.<\/p>\n<p>\u201cNo es demasiado tarde. Contamos con un equipo de profesores y personal que estar\u00e1 a la mano para ayudar a los estudiantes a explorar sus opciones y guiarlos por los pasos de inscripci\u00f3n,\u201d dijo Patty Behr, directora de gesti\u00f3n de inscripci\u00f3n de ACC.<\/p>\n<p>Los futuros estudiantes y sus familias pueden aprender acerca de los programas de ACC, pasos de inscripci\u00f3n, ayuda financiera, planificaci\u00f3n de carreras, y detalles sobre la orientaci\u00f3n de transferencia. Los visitantes podr\u00e1n aprovechar de varias estaciones de computadoras y la asistencia personalizada para poder completar una aplicaci\u00f3n u otras medidas de admisi\u00f3n.<\/p>\n<p>Se les pide a los participantes que traigan los siguientes documentos para inscribirse:<\/p>\n<ul>\n<li>Identificaci\u00f3n con fotograf\u00eda<\/li>\n<li>Prueba de residencia<\/li>\n<li>Resultados de las evaluaciones de la secundaria\/universidad<\/li>\n<li>Transcripciones universitarias o del GED<\/li>\n<\/ul>\n<p>Para m\u00e1s informaci\u00f3n o para confirmar su asistencia, visite austincc.edu\/destination o contacte el College Destination Center de ACC al 512-223-7747. Las clases de la primavera comienzan el 19 de enero.<\/p>\n<div class=\"embed-responsive  embed-responsive-16by9\">\n<div class=\"iframe-container\">\n<div class=\"iframe-container\"><iframe loading=\"lazy\" class=\"embed-responsive-item\"   class=\"embed-responsive-item\"   title=\"Campa\u00f1a ACC 1 a 1\" width=\"500\" height=\"281\" src=\"https:\/\/www.youtube.com\/embed\/4WIzjsxR4NU?list=PLjCftbAtkjLtcbPwwfi7mUUy0RdXPypBz\" frameborder=\"0\" allow=\"accelerometer; autoplay; clipboard-write; encrypted-media; gyroscope; picture-in-picture; web-share\" referrerpolicy=\"strict-origin-when-cross-origin\" allowfullscreen><\/iframe><\/div>\n<\/div>\n<\/div>\n","protected":false},"excerpt":{"rendered":"<p>Los alumnos que necesitan tomar clases en la primavera pueden registrarse en Destination: ACCSaturday El Distrito de Austin Community College (ACC) abrir\u00e1 tres planteles de 9 a.m.- 4 p.m. el s\u00e1bado, 9 de enero para &hellip; <a href=\"https:\/\/sites.austincc.edu\/newsroom\/2015\/12\/22\/acc-lleva-a-cabo-feria-de-matriculacion-de-ultimo-momento\/\">Continue reading <span class=\"meta-nav\">&rarr;<\/span><\/a><\/p>\n","protected":false},"author":3934,"featured_media":36774,"comment_status":"open","ping_status":"closed","sticky":false,"template":"","format":"standard","meta":{"_acf_changed":false,"footnotes":""},"categories":[14],"tags":[344,554,693],"class_list":["post-37570","post","type-post","status-publish","format-standard","has-post-thumbnail","hentry","category-espanol","tag-college-destination-center-acc","tag-primavera","tag-registracion"],"acf":[],"_links":{"self":[{"href":"https:\/\/sites.austincc.edu\/newsroom\/wp-json\/wp\/v2\/posts\/37570","targetHints":{"allow":["GET"]}}],"collection":[{"href":"https:\/\/sites.austincc.edu\/newsroom\/wp-json\/wp\/v2\/posts"}],"about":[{"href":"https:\/\/sites.austincc.edu\/newsroom\/wp-json\/wp\/v2\/types\/post"}],"author":[{"embeddable":true,"href":"https:\/\/sites.austincc.edu\/newsroom\/wp-json\/wp\/v2\/users\/3934"}],"replies":[{"embeddable":true,"href":"https:\/\/sites.austincc.edu\/newsroom\/wp-json\/wp\/v2\/comments?post=37570"}],"version-history":[{"count":0,"href":"https:\/\/sites.austincc.edu\/newsroom\/wp-json\/wp\/v2\/posts\/37570\/revisions"}],"wp:featuredmedia":[{"embeddable":true,"href":"https:\/\/sites.austincc.edu\/newsroom\/wp-json\/wp\/v2\/media\/36774"}],"wp:attachment":[{"href":"https:\/\/sites.austincc.edu\/newsroom\/wp-json\/wp\/v2\/media?parent=37570"}],"wp:term":[{"taxonomy":"category","embeddable":true,"href":"https:\/\/sites.austincc.edu\/newsroom\/wp-json\/wp\/v2\/categories?post=37570"},{"taxonomy":"post_tag","embeddable":true,"href":"https:\/\/sites.austincc.edu\/newsroom\/wp-json\/wp\/v2\/tags?post=37570"}],"curies":[{"name":"wp","href":"https:\/\/api.w.org\/{rel}","templated":true}]}}