{"id":38855,"date":"2016-05-03T14:01:04","date_gmt":"2016-05-03T14:01:04","guid":{"rendered":"https:\/\/sites.austincc.edu\/newsroom\/?p=38855"},"modified":"2016-05-03T14:01:04","modified_gmt":"2016-05-03T14:01:04","slug":"acc-celebra-sus-graduados-de-la-primavera","status":"publish","type":"post","link":"https:\/\/sites.austincc.edu\/newsroom\/2016\/05\/03\/acc-celebra-sus-graduados-de-la-primavera\/","title":{"rendered":"ACC celebra sus graduados de la primavera"},"content":{"rendered":"<p>El Austin Community College District (ACC) celebrar\u00e1 sus graduados de la primavera durante una ceremonia a las 6 p.m., el jueves, 12 de mayo en el Frank Erwin Center (1701 Red River St.).<\/p>\n<p>Los estudiantes ser\u00e1n reconocidos por completar los programas de certificados y t\u00edtulos asociados de ACC. M\u00e1s de 1,600 estudiantes est\u00e1n invitados para recibir su diploma.<\/p>\n<p>\u201cEs incre\u00edble ver el orgullo en sus caras,\u201d dijo el Dr. Richard Rhodes, presidente y CEO de ACC. \u201cNuestros estudiantes vienen a ACC con la esperanza de hacer algo m\u00e1s grande. Ahora, celebramos con ellos este sue\u00f1o hecho una realidad.\u201d<\/p>\n<p>La universidad reconocer\u00e1 a ocho estudiantes del primer grupo de graduados del Programa de Tecnolog\u00eda Veterinaria de ACC quienes recibir\u00e1n un t\u00edtulo Asociado en Ciencias Aplicadas. Por lo tanto, la ceremonia de graduaci\u00f3n incluir\u00e1 un homenaje a los veteranos que se grad\u00faan, en el cual recibir\u00e1n un medall\u00f3n en honor a su servicio y una ovaci\u00f3n especial.<\/p>\n<p>Art Acevedo Jefe del Departamento de Polic\u00eda de Austin (APD), har\u00e1 el discurso de apertura. Acevedo es el primer hispano en dirigir la polic\u00eda de Austin. \u00c9l ha creado fuertes lazos con funcionarios electos, organizaciones, grupos de j\u00f3venes y apoya enormemente la educaci\u00f3n para crear una comunidad segura a nivel nacional.<\/p>\n<p>\u201cLa educaci\u00f3n es la clave para que nuestros hijos no terminen en el camino equivocado,\u201d dijo Acevedo. \u201cCada vez que podemos ayudar a los j\u00f3venes, es lo m\u00e1s patri\u00f3tico que se puede hacer.\u201d<\/p>\n<p>Para obtener m\u00e1s informaci\u00f3n sobre la ceremonia o para ver la transmisi\u00f3n del evento en vivo, visita <a href=\"http:\/\/www.austincc.edu\/degrees-and-certificates\/earn-a-degree-and-transfer\/commencement-graduation-ceremony\" target=\"_blank\" rel=\"noopener\">austincc.edu\/commencement<\/a>.<\/p>\n","protected":false},"excerpt":{"rendered":"<p>El Austin Community College District (ACC) celebrar\u00e1 sus graduados de la primavera durante una ceremonia a las 6 p.m., el jueves, 12 de mayo en el Frank Erwin Center (1701 Red River St.). Los estudiantes &hellip; <a href=\"https:\/\/sites.austincc.edu\/newsroom\/2016\/05\/03\/acc-celebra-sus-graduados-de-la-primavera\/\">Continue reading <span class=\"meta-nav\">&rarr;<\/span><\/a><\/p>\n","protected":false},"author":3934,"featured_media":34335,"comment_status":"open","ping_status":"closed","sticky":false,"template":"","format":"standard","meta":{"_acf_changed":false,"footnotes":""},"categories":[14],"tags":[155,945,585,947,948,660,950,946,949],"class_list":["post-38855","post","type-post","status-publish","format-standard","has-post-thumbnail","hentry","category-espanol","tag-bienvenidos","tag-art-acevedo","tag-ceremonia","tag-diploma","tag-educacion","tag-graduacion","tag-homenaje","tag-policia","tag-vet-tech"],"acf":[],"_links":{"self":[{"href":"https:\/\/sites.austincc.edu\/newsroom\/wp-json\/wp\/v2\/posts\/38855","targetHints":{"allow":["GET"]}}],"collection":[{"href":"https:\/\/sites.austincc.edu\/newsroom\/wp-json\/wp\/v2\/posts"}],"about":[{"href":"https:\/\/sites.austincc.edu\/newsroom\/wp-json\/wp\/v2\/types\/post"}],"author":[{"embeddable":true,"href":"https:\/\/sites.austincc.edu\/newsroom\/wp-json\/wp\/v2\/users\/3934"}],"replies":[{"embeddable":true,"href":"https:\/\/sites.austincc.edu\/newsroom\/wp-json\/wp\/v2\/comments?post=38855"}],"version-history":[{"count":0,"href":"https:\/\/sites.austincc.edu\/newsroom\/wp-json\/wp\/v2\/posts\/38855\/revisions"}],"wp:featuredmedia":[{"embeddable":true,"href":"https:\/\/sites.austincc.edu\/newsroom\/wp-json\/wp\/v2\/media\/34335"}],"wp:attachment":[{"href":"https:\/\/sites.austincc.edu\/newsroom\/wp-json\/wp\/v2\/media?parent=38855"}],"wp:term":[{"taxonomy":"category","embeddable":true,"href":"https:\/\/sites.austincc.edu\/newsroom\/wp-json\/wp\/v2\/categories?post=38855"},{"taxonomy":"post_tag","embeddable":true,"href":"https:\/\/sites.austincc.edu\/newsroom\/wp-json\/wp\/v2\/tags?post=38855"}],"curies":[{"name":"wp","href":"https:\/\/api.w.org\/{rel}","templated":true}]}}