{"id":40060,"date":"2016-08-17T16:38:00","date_gmt":"2016-08-17T16:38:00","guid":{"rendered":"https:\/\/sites.austincc.edu\/newsroom\/?p=40060"},"modified":"2016-08-17T16:38:00","modified_gmt":"2016-08-17T16:38:00","slug":"acc-celebra-la-semana-pride-de-austin","status":"publish","type":"post","link":"https:\/\/sites.austincc.edu\/newsroom\/2016\/08\/17\/acc-celebra-la-semana-pride-de-austin\/","title":{"rendered":"ACC celebra la semana PRIDE de Austin"},"content":{"rendered":"<p>El Distrito de Austin Community College (ACC) se une a la Ciudad de Austin y PRIDE Austin en el 26\u00ba Festival de PRIDE y desfile en Austin, una celebraci\u00f3n de derechos e igualdad para lesbianas, gays, bisexuales, personas transg\u00e9nero y la cultura LGBTQ.<\/p>\n<p>El Comit\u00e9 de Igualdad LGBT de ACC, el cual se esfuerza para educar a los estudiantes, profesores y personal sobre cuestiones que afectan a la comunidad LGBTQ, llevar\u00e1 un carro aleg\u00f3rico decorado al desfile de orgullo el s\u00e1bado, 27 de agosto. El evento comienza a las 8 de la noche frente al Capitolio (1100 Congress Ave.) y culmina la semana de orgullo en Austin. Los estudiantes, profesores y personal est\u00e1n invitados a marchar en el desfile.<\/p>\n<p>Para obtener m\u00e1s informaci\u00f3n del evento y para participar env\u00eda un correo electr\u00f3nico a <a href=\"mailto:lgbtequity@austincc.edu\">lgbtequity@austincc.edu<\/a>.<\/p>\n","protected":false},"excerpt":{"rendered":"<p>El Distrito de Austin Community College (ACC) se une a la Ciudad de Austin y PRIDE Austin en el 26\u00ba Festival de PRIDE y desfile en Austin, una celebraci\u00f3n de derechos e igualdad para lesbianas, &hellip; <a href=\"https:\/\/sites.austincc.edu\/newsroom\/2016\/08\/17\/acc-celebra-la-semana-pride-de-austin\/\">Continue reading <span class=\"meta-nav\">&rarr;<\/span><\/a><\/p>\n","protected":false},"author":3934,"featured_media":40051,"comment_status":"open","ping_status":"closed","sticky":false,"template":"","format":"standard","meta":{"_acf_changed":false,"footnotes":""},"categories":[14],"tags":[1099,1096,1098,1097,1094],"class_list":["post-40060","post","type-post","status-publish","format-standard","has-post-thumbnail","hentry","category-espanol","tag-austin","tag-desfile-de-orgullo","tag-equity","tag-lgbt","tag-pride"],"acf":[],"_links":{"self":[{"href":"https:\/\/sites.austincc.edu\/newsroom\/wp-json\/wp\/v2\/posts\/40060","targetHints":{"allow":["GET"]}}],"collection":[{"href":"https:\/\/sites.austincc.edu\/newsroom\/wp-json\/wp\/v2\/posts"}],"about":[{"href":"https:\/\/sites.austincc.edu\/newsroom\/wp-json\/wp\/v2\/types\/post"}],"author":[{"embeddable":true,"href":"https:\/\/sites.austincc.edu\/newsroom\/wp-json\/wp\/v2\/users\/3934"}],"replies":[{"embeddable":true,"href":"https:\/\/sites.austincc.edu\/newsroom\/wp-json\/wp\/v2\/comments?post=40060"}],"version-history":[{"count":0,"href":"https:\/\/sites.austincc.edu\/newsroom\/wp-json\/wp\/v2\/posts\/40060\/revisions"}],"wp:featuredmedia":[{"embeddable":true,"href":"https:\/\/sites.austincc.edu\/newsroom\/wp-json\/wp\/v2\/media\/40051"}],"wp:attachment":[{"href":"https:\/\/sites.austincc.edu\/newsroom\/wp-json\/wp\/v2\/media?parent=40060"}],"wp:term":[{"taxonomy":"category","embeddable":true,"href":"https:\/\/sites.austincc.edu\/newsroom\/wp-json\/wp\/v2\/categories?post=40060"},{"taxonomy":"post_tag","embeddable":true,"href":"https:\/\/sites.austincc.edu\/newsroom\/wp-json\/wp\/v2\/tags?post=40060"}],"curies":[{"name":"wp","href":"https:\/\/api.w.org\/{rel}","templated":true}]}}